{"id":589,"date":"2024-11-07T12:29:57","date_gmt":"2024-11-07T12:29:57","guid":{"rendered":"https:\/\/usiebiedwa.pl\/?p=589"},"modified":"2024-11-07T15:14:00","modified_gmt":"2024-11-07T15:14:00","slug":"nadzwyczajne-walne-zgromadzenie-czlonkow-spoldzielni-odbedzie-sie-dnia-08-11-2024-piatek-o-godz-1700-w-lokalu-nr-3a-przy-al-niepodleglosci-217","status":"publish","type":"post","link":"https:\/\/usiebiedwa.pl\/?p=589","title":{"rendered":"Nadzwyczajne Walne Zgromadzenie cz\u0142onk\u00f3w Sp\u00f3\u0142dzielni odb\u0119dzie si\u0119 dnia 08.11.2024 (pi\u0105tek) o godz. 17:00 w lokalu nr 3A przy al. Niepodleg\u0142o\u015bci 217."},"content":{"rendered":"\t\t<div data-elementor-type=\"wp-post\" data-elementor-id=\"589\" class=\"elementor elementor-589\">\n\t\t\t\t<div class=\"elementor-element elementor-element-3c4d5769 e-flex e-con-boxed e-con e-parent\" data-id=\"3c4d5769\" data-element_type=\"container\" data-e-type=\"container\">\n\t\t\t\t\t<div class=\"e-con-inner\">\n\t\t\t\t<div class=\"elementor-element elementor-element-37e16bb1 de_scroll_animation_no elementor-widget elementor-widget-text-editor\" data-id=\"37e16bb1\" data-element_type=\"widget\" data-e-type=\"widget\" data-widget_type=\"text-editor.default\">\n\t\t\t\t<div class=\"elementor-widget-container\">\n\t\t\t\t\t\t\t\t\t\n<p>Warszawa, 20.10.24 r.<br>ZAWIADOMIENIE<br>o nadzwyczajnym Walnym Zgromadzeniu cz\u0142onk\u00f3w SBM \u201eU Siebie II\u201d<br>Zarz\u0105d SBM \u201eU Siebie II\u201d uprzejmie zawiadamia, \u017ce nadzwyczajne Walne<br>Zgromadzenie cz\u0142onk\u00f3w Sp\u00f3\u0142dzielni odb\u0119dzie si\u0119 dnia 08.11.2024 (pi\u0105tek) o<br>godz. 17:00 w lokalu nr 3A przy Al. Niepodleg\u0142o\u015bci 217.<br>Porz\u0105dek dzienny:<\/p>\n\n\n\n<ol class=\"wp-block-list\">\n<li>Wyb\u00f3r Prezydium Walnego Zgromadzenia (przewodnicz\u0105cy i sekretarz)<br>oraz Komisji skrutacyjnej.<\/li>\n\n\n\n<li>Odczytanie i zatwierdzenie porz\u0105dku obrad.<\/li>\n\n\n\n<li>Odczytanie i przyj\u0119cie protoko\u0142u z poprzedniego Walnego Zgromadzenia.<\/li>\n\n\n\n<li>Przedstawienie projektu zmian w Statucie Sp\u00f3\u0142dzielni.<\/li>\n\n\n\n<li>Dyskusja nad projektem.<\/li>\n\n\n\n<li>Podj\u0119cie uchwa\u0142y nr 1 w sprawie zmiany w Statucie sp\u00f3\u0142dzielni.<\/li>\n\n\n\n<li>Przedstawienie projekt\u00f3w regulamin\u00f3w: Walnego Zgromadzenia, Rady<br>Nadzorczej oraz Zarz\u0105du.<\/li>\n\n\n\n<li>Dyskusja nad projektami.<\/li>\n\n\n\n<li>Podj\u0119cie uchwa\u0142y nr 2 w sprawie regulaminu Walnego Zgromadzenia.<br>10.Podj\u0119cie uchwa\u0142y nr 3 w sprawie regulaminu Rady Nadzorczej.<br>11.Podj\u0119cie uchwa\u0142y nr 4 w sprawie regulaminu Zarz\u0105du.<br>12.Przedstawienie wynik\u00f3w lustracji pe\u0142nej, kt\u00f3ra zosta\u0142a przeprowadzona w<br>Sp\u00f3\u0142dzielni w dniach 20.02.2024 r. \u2013 21.06.2024 r.<br>13.Podj\u0119cie uchwa\u0142y nr 5 w sprawie przeprowadzonej w Sp\u00f3\u0142dzielni lustracji.<br>Prezes Zarz\u0105du<br>Aldona Krawczyk<br>Bardzo prosz\u0119 o mailowe b\u0105d\u017a telefoniczne potwierdzenie otrzymania<br>zawiadomienia (tel. 600 046 314), a tak\u017ce zapraszam do licznego udzia\u0142u.<\/li>\n<\/ol>\n\t\t\t\t\t\t\t\t<\/div>\n\t\t\t\t<\/div>\n\t\t\t\t\t<\/div>\n\t\t\t\t<\/div>\n\t\t\t\t<\/div>\n\t\t","protected":false},"excerpt":{"rendered":"<p>Warszawa, 20.10.24 r.ZAWIADOMIENIEo nadzwyczajnym Walnym Zgromadzeniu cz\u0142onk\u00f3w SBM \u201eU Siebie II\u201dZarz\u0105d SBM \u201eU Siebie II\u201d uprzejmie zawiadamia, \u017ce nadzwyczajne WalneZgromadzenie cz\u0142onk\u00f3w Sp\u00f3\u0142dzielni odb\u0119dzie si\u0119 dnia 08.11.2024 (pi\u0105tek) ogodz. 17:00 w lokalu nr 3A przy Al. Niepodleg\u0142o\u015bci 217.Porz\u0105dek dzienny:<\/p>\n","protected":false},"author":1,"featured_media":0,"comment_status":"closed","ping_status":"","sticky":false,"template":"","format":"standard","meta":{"_acf_changed":false,"footnotes":""},"categories":[1],"tags":[],"class_list":["post-589","post","type-post","status-publish","format-standard","hentry","category-uncategorized"],"acf":[],"_links":{"self":[{"href":"https:\/\/usiebiedwa.pl\/index.php?rest_route=\/wp\/v2\/posts\/589","targetHints":{"allow":["GET"]}}],"collection":[{"href":"https:\/\/usiebiedwa.pl\/index.php?rest_route=\/wp\/v2\/posts"}],"about":[{"href":"https:\/\/usiebiedwa.pl\/index.php?rest_route=\/wp\/v2\/types\/post"}],"author":[{"embeddable":true,"href":"https:\/\/usiebiedwa.pl\/index.php?rest_route=\/wp\/v2\/users\/1"}],"replies":[{"embeddable":true,"href":"https:\/\/usiebiedwa.pl\/index.php?rest_route=%2Fwp%2Fv2%2Fcomments&post=589"}],"version-history":[{"count":7,"href":"https:\/\/usiebiedwa.pl\/index.php?rest_route=\/wp\/v2\/posts\/589\/revisions"}],"predecessor-version":[{"id":652,"href":"https:\/\/usiebiedwa.pl\/index.php?rest_route=\/wp\/v2\/posts\/589\/revisions\/652"}],"wp:attachment":[{"href":"https:\/\/usiebiedwa.pl\/index.php?rest_route=%2Fwp%2Fv2%2Fmedia&parent=589"}],"wp:term":[{"taxonomy":"category","embeddable":true,"href":"https:\/\/usiebiedwa.pl\/index.php?rest_route=%2Fwp%2Fv2%2Fcategories&post=589"},{"taxonomy":"post_tag","embeddable":true,"href":"https:\/\/usiebiedwa.pl\/index.php?rest_route=%2Fwp%2Fv2%2Ftags&post=589"}],"curies":[{"name":"wp","href":"https:\/\/api.w.org\/{rel}","templated":true}]}}